{"id":5672610,"date":"2023-02-24T16:50:47","date_gmt":"2023-02-24T16:50:47","guid":{"rendered":"https:\/\/www.lemissioni.ch\/?p=5672610"},"modified":"2025-06-15T05:33:05","modified_gmt":"2025-06-15T05:33:05","slug":"per-un-noi-sempre-piu-grande","status":"publish","type":"post","link":"https:\/\/www.lemissioni.ch\/index.php\/2023\/02\/24\/per-un-noi-sempre-piu-grande\/","title":{"rendered":"Per \u201cun noi\u201d sempre pi\u00f9 grande"},"content":{"rendered":"<section class=\"wpb-content-wrapper\">[vc_row][vc_column]<div class=\"norebro-text-sc \" \n\tid=\"norebro-custom-69f56a5ac8bcc\" \n\t \n\t>\n\n\t<p><strong>Il\u00a0 tema dell\u2019intercultura al centro del corso di\u00a0 aggiornamento\u00a0 delle\u00a0 Missioni\u00a0 italiane\u00a0 in\u00a0 Svizzera tenutosi\u00a0 a\u00a0 Capiago\u00a0 dal\u00a0 6\u00a0 al\u00a0 10\u00a0 febbraio\u00a0 2023<\/strong><\/p>\n\t\n<\/div>[vc_empty_space height=&#8221;25px&#8221;]<div class=\"norebro-text-sc \" \n\tid=\"norebro-custom-69f56a5ac8c58\" \n\t \n\t>\n\n\t<p>\u201cPer un noi sempre pi\u00f9 grande. In cammino verso una pastorale interculturale\u201d: su questo tema si \u00e8 svolto dal 6 al 10 febbraio alla Casa dei Padri Dehoniani di Capiago (Como) il corso di aggiornamento delle Missioni cattoliche di lingua italiana (Mcli) in Svizzera.\u00a0 Gli italiani emigrati nella Confederazione elvetica sono 650.000, quella italiana \u00e8 la nazionalit\u00e0 pi\u00f9 rappresentata.<\/p>\n<p>Al centro dei lavori \u00e8 stato il documento della Chiesa svizzera \u201cVerso una pastorale interculturale\u201d che presenta linee guida per la pastorale migratoria tenendo conto che l\u2019interculturalit\u00e0 rappresenta una sfida alla quale si \u00e8 chiamati a rispondere con competenza, corresponsabilit\u00e0 e creativit\u00e0.\u00a0 Le Mcli sono una quarantina e operano sempre pi\u00f9 intensamente con le realt\u00e0 ecclesiali del territorio. Sacerdoti e laici, provenienti da diocesi italiane hanno preso a cuore il processo di integrazione sociale in corso da tempo, si sono aperti all\u2019incontro con gli emigrati da altri Paesi unendosi alle comunit\u00e0 cristiane locali per rendere visibile e credibile l\u2019unit\u00e0 nella diversit\u00e0.<\/p>\n<p>Il documento sulla pastorale interculturale \u00e8 quindi nato dalla presa d\u2019atto che uomini e donne di diverse culture si incontrano sui luoghi di lavoro, nelle scuole, in altri ambiti di vita e di fede. L\u2019intercultura \u00e8 quindi un\u2019esperienza umana e sociale che richiede risposte adeguate ed esige lo stile sinodale nell\u2019aprire nuovi percorsi per l\u2019annuncio del Vangelo.<\/p>\n<p>Le Mcli hanno accolto le linee guida dei vescovi, hanno avviato un approfondimento e un confronto, hanno messo in atto alcune buone pratiche.<\/p>\n<p>Il cammino si \u00e8 dunque aperto, le opportunit\u00e0 si sono rivelate superiori alle difficolt\u00e0. I passi da compiere indicati dai vescovi svizzeri si affiancano ai sette indicati nel documento del Dicastero vaticano per lo sviluppo umano integrale (3 marzo 2023): vincere la paura dell\u2019altro, non isolarsi, aprirsi all\u2019ascolto, dare spazio all\u2019altro, accogliere l\u2019incontro come una benedizione, ripensare lo stile dell\u2019annuncio guardando a Pentecoste, valorizzare le ministerialit\u00e0.\u00a0 A sostegno dei passi ci sono le parole di papa Francesco: \u201cSiamo chiamati a sognare insieme. Non dobbiamo avere paura di sognare e di farlo insieme (\u2026) che questo sogno parta dalla nostra realt\u00e0 concreta, allargandosi come una tenda fino ai confini della terra\u2026\u201d. \u00a0E i vescovi della Svizzera scrivono nel loro documento che \u201cgli orientamenti indicati da papa Francesco rimangono la nostra bussola\u201d.<\/p>\n<p>Ad accompagnare i lavori di Capiago, introdotti dal coordinatore delle Mcli don Egidio Todeschini, sono stati il direttore nazionale di Migrantes, don Pierpaolo Felicolo con Delfina Licata curatrice del Rapporto Italiani nel Mondo, la responsabile di Migratio svizzera, Isabel Vasquez, con il presidente dell\u2019organismo che si occupa del sostegno economico alla Chiesa svizzera Urs Brosi.\u00a0 Sono intervenuti l\u2019arcivescovo di Ferrara-Comacchio, Gian Carlo Perego, presidente di Migrantes e della Commissione Cei per le migrazioni, il vescovo Alain de Raemy, Amministratore apostolico della diocesi di Lugano mentre il vescovo di Como, il card. Oscar Cantoni, ha celebrato la messa di chiusura del corso ringraziando i missionari per il loro servizio nel solco del santo Giovanni Battista Scalabrini. Il cammino della pastorale interculturale in Svizzera si \u00e8 inoltre posto in linea con il Sinodo che negli stessi giorni del corso di Capiago viveva a Praga la tappa europea\u00a0 che aveva un titolo analogo \u201cAllarga lo spazio della tua tenda\u201d.<\/p>\n\t\n<\/div>[vc_empty_space height=&#8221;25px&#8221;][\/vc_column][\/vc_row][vc_row][vc_column][\/vc_column][\/vc_row][vc_row][vc_column][vc_empty_space height=&#8221;40px&#8221;][vc_empty_space height=&#8221;40px&#8221;][\/vc_column][\/vc_row]\n<\/section>","protected":false},"excerpt":{"rendered":"<p>[vc_row][vc_column][vc_empty_space height=&#8221;25px&#8221;][vc_empty_space height=&#8221;25px&#8221;][\/vc_column][\/vc_row][vc_row][vc_column][\/vc_column][\/vc_row][vc_row][vc_column][vc_empty_space height=&#8221;40px&#8221;][vc_empty_space height=&#8221;40px&#8221;][\/vc_column][\/vc_row]<\/p>\n","protected":false},"author":5,"featured_media":5672584,"comment_status":"closed","ping_status":"closed","sticky":false,"template":"","format":"standard","meta":{"footnotes":""},"categories":[11],"tags":[],"class_list":["post-5672610","post","type-post","status-publish","format-standard","has-post-thumbnail","hentry","category-coordinazione"],"_links":{"self":[{"href":"https:\/\/www.lemissioni.ch\/index.php\/wp-json\/wp\/v2\/posts\/5672610","targetHints":{"allow":["GET"]}}],"collection":[{"href":"https:\/\/www.lemissioni.ch\/index.php\/wp-json\/wp\/v2\/posts"}],"about":[{"href":"https:\/\/www.lemissioni.ch\/index.php\/wp-json\/wp\/v2\/types\/post"}],"author":[{"embeddable":true,"href":"https:\/\/www.lemissioni.ch\/index.php\/wp-json\/wp\/v2\/users\/5"}],"replies":[{"embeddable":true,"href":"https:\/\/www.lemissioni.ch\/index.php\/wp-json\/wp\/v2\/comments?post=5672610"}],"version-history":[{"count":13,"href":"https:\/\/www.lemissioni.ch\/index.php\/wp-json\/wp\/v2\/posts\/5672610\/revisions"}],"predecessor-version":[{"id":5672627,"href":"https:\/\/www.lemissioni.ch\/index.php\/wp-json\/wp\/v2\/posts\/5672610\/revisions\/5672627"}],"wp:featuredmedia":[{"embeddable":true,"href":"https:\/\/www.lemissioni.ch\/index.php\/wp-json\/wp\/v2\/media\/5672584"}],"wp:attachment":[{"href":"https:\/\/www.lemissioni.ch\/index.php\/wp-json\/wp\/v2\/media?parent=5672610"}],"wp:term":[{"taxonomy":"category","embeddable":true,"href":"https:\/\/www.lemissioni.ch\/index.php\/wp-json\/wp\/v2\/categories?post=5672610"},{"taxonomy":"post_tag","embeddable":true,"href":"https:\/\/www.lemissioni.ch\/index.php\/wp-json\/wp\/v2\/tags?post=5672610"}],"curies":[{"name":"wp","href":"https:\/\/api.w.org\/{rel}","templated":true}]}}