{"id":5672738,"date":"2023-10-07T08:33:54","date_gmt":"2023-10-07T08:33:54","guid":{"rendered":"https:\/\/www.lemissioni.ch\/?p=5672738"},"modified":"2025-06-15T05:32:39","modified_gmt":"2025-06-15T05:32:39","slug":"erasmus-pastorale-in-svizzera","status":"publish","type":"post","link":"https:\/\/www.lemissioni.ch\/index.php\/2023\/10\/07\/erasmus-pastorale-in-svizzera\/","title":{"rendered":"Erasmus pastorale in Svizzera"},"content":{"rendered":"<section class=\"wpb-content-wrapper\">[vc_row][vc_column]<div class=\"norebro-text-sc \" \n\tid=\"norebro-custom-69f56a722507c\" \n\t \n\t>\n\n\t<p>La proposta consiste nel fare una esperienza pastorale in Svizzera per un tempo stabilito dal proprio Vescovo o dal proprio provinciale.<\/p>\n<p><strong>Questo invito \u00e8 rivolto a seminaristi dei seminari maggiori oppure a diaconi ma anche ai presbiteri o religiosi. <\/strong><\/p>\n<p>Ottenuto il permesso dal proprio Superiore, la Coordinazione delle Missioni prepara un programma pastorale concreto cos\u00ec che il periodo trascorso in Svizzera non sia una vacanza o un tempo vuoto ma una intensa esperienza pastorale che arricchir\u00e0 sia il giovane che si sta avviando al sacerdozio sia le Comunit\u00e0 parrocchiali e la stessa diocesi.<\/p>\n<p>In questa esperienza pastorale sono previsti: corso base di tedesco, conoscenza del territorio svizzero, conoscenza ed esperienza del tessuto sociale, economico e religioso della Svizzera, esperienza pastorale in una Missione Italiana o in qualche parrocchia svizzera.<\/p>\n<p><strong>I costi (vitto e alloggio, corsi vari e un piccolo contributo personale) saranno a carico della Coordinazione nazionale delle MCLI in Svizzera.<\/strong><\/p>\n<p>Sar\u00e0 inoltre impegno del Coordinatore nazionale provvedere all\u2019alloggio e a tutto ci\u00f2 che servir\u00e0 al seminarista o presbitero per svolgere pienamente questa esperienza pastorale.<\/p>\n<p>Vogliamo sottolineare che il giovane o presbitero, invitato dal suo Vescovo o Superiore per fare questa esperienza pastorale in terra elvetica, avr\u00e0 la possibilit\u00e0 di respirare un modo diverso di essere Chiesa, in altri termini la cattolicit\u00e0, di confrontarsi con altri modelli e con altre modalit\u00e0 di essere e di vivere la Chiesa oggi in un mondo sempre pi\u00f9 secolarizzato.<\/p>\n<p>A conclusione il Coordinatore invier\u00e0 al vescovo una relazione in merito all\u2019esperienza che il seminarista o presbitero ha fatto.<\/p>\n<p><strong>NB \u2013 I primi 3 diaconi sono gi\u00e0 arrivati in Svizzera dal seminario di Napoli il 2 ottobre scorso. Resteranno in Svizzera e faranno uno stage pastorale per sei mesi, da ottobre 2023 a marzo 2024. Saranno ordinati sacerdoti il prossimo mesi di aprile (<a href=\"https:\/\/www.lemissioni.ch\/index.php\/erasmus-pastorale-tre-diaconi-sono-giunti-dallitalia\/\">vedi foto nella GALLERIA<\/a>). <\/strong><\/p>\n\t\n<\/div>[vc_empty_space height=&#8221;25px&#8221;][\/vc_column][\/vc_row][vc_row][vc_column][\/vc_column][\/vc_row][vc_row][vc_column][vc_empty_space height=&#8221;40px&#8221;][vc_empty_space height=&#8221;40px&#8221;][\/vc_column][\/vc_row]\n<\/section>","protected":false},"excerpt":{"rendered":"<p>[vc_row][vc_column][vc_empty_space height=&#8221;25px&#8221;][\/vc_column][\/vc_row][vc_row][vc_column][\/vc_column][\/vc_row][vc_row][vc_column][vc_empty_space height=&#8221;40px&#8221;][vc_empty_space height=&#8221;40px&#8221;][\/vc_column][\/vc_row]<\/p>\n","protected":false},"author":5,"featured_media":5672732,"comment_status":"closed","ping_status":"closed","sticky":false,"template":"","format":"standard","meta":{"footnotes":""},"categories":[11],"tags":[],"class_list":["post-5672738","post","type-post","status-publish","format-standard","has-post-thumbnail","hentry","category-coordinazione"],"_links":{"self":[{"href":"https:\/\/www.lemissioni.ch\/index.php\/wp-json\/wp\/v2\/posts\/5672738","targetHints":{"allow":["GET"]}}],"collection":[{"href":"https:\/\/www.lemissioni.ch\/index.php\/wp-json\/wp\/v2\/posts"}],"about":[{"href":"https:\/\/www.lemissioni.ch\/index.php\/wp-json\/wp\/v2\/types\/post"}],"author":[{"embeddable":true,"href":"https:\/\/www.lemissioni.ch\/index.php\/wp-json\/wp\/v2\/users\/5"}],"replies":[{"embeddable":true,"href":"https:\/\/www.lemissioni.ch\/index.php\/wp-json\/wp\/v2\/comments?post=5672738"}],"version-history":[{"count":6,"href":"https:\/\/www.lemissioni.ch\/index.php\/wp-json\/wp\/v2\/posts\/5672738\/revisions"}],"predecessor-version":[{"id":5672744,"href":"https:\/\/www.lemissioni.ch\/index.php\/wp-json\/wp\/v2\/posts\/5672738\/revisions\/5672744"}],"wp:featuredmedia":[{"embeddable":true,"href":"https:\/\/www.lemissioni.ch\/index.php\/wp-json\/wp\/v2\/media\/5672732"}],"wp:attachment":[{"href":"https:\/\/www.lemissioni.ch\/index.php\/wp-json\/wp\/v2\/media?parent=5672738"}],"wp:term":[{"taxonomy":"category","embeddable":true,"href":"https:\/\/www.lemissioni.ch\/index.php\/wp-json\/wp\/v2\/categories?post=5672738"},{"taxonomy":"post_tag","embeddable":true,"href":"https:\/\/www.lemissioni.ch\/index.php\/wp-json\/wp\/v2\/tags?post=5672738"}],"curies":[{"name":"wp","href":"https:\/\/api.w.org\/{rel}","templated":true}]}}